{"id":22527,"date":"2026-01-12T08:53:37","date_gmt":"2026-01-12T07:53:37","guid":{"rendered":"https:\/\/amaidi.org\/?p=22527"},"modified":"2026-01-12T10:55:49","modified_gmt":"2026-01-12T09:55:49","slug":"marketplace-good-business-2026-2","status":"publish","type":"post","link":"https:\/\/amaidi.org\/en\/2026\/01\/marketplace-good-business-2026-2\/","title":{"rendered":"Marketplace Good Business 2026"},"content":{"rendered":"<section class=\"l-section wpb_row height_small\" id=\"Die Veranstaltung\"><div class=\"l-section-h i-cf\"><div class=\"g-cols vc_row via_flex valign_top type_default stacking_default\"><div class=\"vc_col-sm-12 wpb_column vc_column_container has_bg_color\"><div class=\"vc_column-inner us_custom_4fb9e5a3\"><div class=\"wpb_wrapper\"><div class=\"wpb_text_column\"><div class=\"wpb_wrapper\"><div class=\"mcnTextBlock\">\n<div class=\"mcnTextBlockInner\">\n<div>\n<div class=\"mcnTextContent\">\n<h2 class=\"null\">Die Veranstaltung<\/h2>\n<\/div>\n<\/div>\n<\/div>\n<\/div>\n<\/div><\/div><div class=\"w-separator size_small\"><\/div><div class=\"g-cols wpb_row via_flex valign_top type_default stacking_default\"><div class=\"vc_col-sm-8 wpb_column vc_column_container\"><div class=\"vc_column-inner\"><div class=\"wpb_wrapper\"><div class=\"wpb_text_column\"><div class=\"wpb_wrapper\"><p>Wir freuen uns sehr, Sie zu unserem f&uuml;nften Marktplatz einladen zu k&ouml;nnen.<\/p>\n<p>Der Marktplatz bringt gemeinn&uuml;tzige Organisationen und Unternehmen aus dem Rheinisch-Bergischen Kreis zusammen und findet <strong>Donnerstag, den 07. Mai 2026 um 17.30 Uhr <\/strong>im Kulturbahnhof in 51491 Overath unter der Schirmherrschaft unseres Landrats statt.<\/p>\n<p><b><strong>Besonderer Anreiz: <\/strong><\/b>Unser Hauptsponsor, die <strong><a href=\"https:\/\/gute-geschaefte-rbk.us3.list-manage.com\/track\/click?u=655f19474b0feee89350ed360&amp;id=25e4b560aa&amp;e=957564969c\">Dr. J&uuml;rgen Rembold Stiftung<\/a><\/strong> verleiht unter allen Teilnehmenden des Marktplatzes einen Preis f&uuml;r die erfolgreichste Kooperation.<\/p>\n<p>Wir w&uuml;rden uns freuen, wenn Sie diese Einladung mit anderen Interessierten teilen und w&uuml;nschen allen Teilnehmenden fruchtbare Engagement-Vereinbarungen!<\/p>\n<p>Herzlichst Ihr Veranstalter-Team<br>\n&bdquo;Marktplatz Gute Gesch&auml;fte&ldquo;<\/p>\n<\/div><\/div><\/div><\/div><\/div><div class=\"vc_col-sm-4 wpb_column vc_column_container\"><div class=\"vc_column-inner us_custom_7cf8ac0d\"><div class=\"vc_column-overlay\" style=\"background:rgba(113,204,240,0.45)\"><\/div><div class=\"wpb_wrapper\"><div class=\"w-separator size_small\"><\/div><div class=\"wpb_text_column\"><div class=\"wpb_wrapper\"><p><strong>JETZT ANMELDEN F&Uuml;R DEN &bdquo;MARKTPLATZ &ldquo;<\/strong><br>\nSichern Sie sich heute schon einen Platz und melden Sie sich verbindlich an. Die Teilnahme ist kostenfrei<\/p>\n<\/div><\/div><div class=\"w-separator size_small\"><\/div><div class=\"w-image align_center\"><a target=\"_blank\" rel=\"nofollow\" title=\"Anmeldung &bdquo;Marktplatz Gute Gesch&auml;fte&ldquo;\" href=\"https:\/\/amaidi.org\/programme\/anmeldung-marktplatz-gute-geschaefte\/\" aria-label=\"Jetzt_Anmelden-300x136_ohne_Hintergrund\" class=\"w-image-h\"><img decoding=\"async\" width=\"251\" height=\"86\" src=\"https:\/\/amaidi.org\/wp-content\/uploads\/2020\/08\/Jetzt_Anmelden-300x136_ohne_Hintergrund.png\" class=\"attachment-medium size-medium\" alt=\"\" loading=\"lazy\"\/><\/a><\/div><div class=\"w-separator size_small\"><\/div><div class=\"wpb_text_column\"><div class=\"wpb_wrapper\"><p>Ihre Anmeldung ist uns jederzeit willkommen &ndash; auch wenn Sie momentan weder ein Angebot einreichen noch einen Bedarf anmelden m&ouml;chten.<\/p>\n<\/div><\/div><\/div><\/div><\/div><\/div><\/div><\/div><\/div><\/div><\/div><\/section><!-- Row Backgrounds --><div class=\"upb_color\" data-bg-override=\"0\" data-bg-color=\"#efefef\" data-fadeout=\"\" data-fadeout-percentage=\"30\" data-parallax-content=\"\" data-parallax-content-sense=\"30\" data-row-effect-mobile-disable=\"true\" data-img-parallax-mobile-disable=\"true\" data-rtl=\"false\" data-custom-vc-row=\"\" data-vc=\"8.7.2\" data-is_old_vc=\"\" data-theme-support=\"\" data-overlay=\"false\" data-overlay-color=\"\" data-overlay-pattern=\"\" data-overlay-pattern-opacity=\"\" data-overlay-pattern-size=\"\"><\/div><section class=\"l-section wpb_row height_small color_alternate\" id=\"Ablauf\"><div class=\"l-section-h i-cf\"><div class=\"g-cols vc_row via_flex valign_top type_default stacking_default\"><div class=\"vc_col-sm-12 wpb_column vc_column_container has_bg_color\"><div class=\"vc_column-inner us_custom_4fb9e5a3\"><div class=\"wpb_wrapper\"><div class=\"wpb_text_column\"><div class=\"wpb_wrapper\"><h2 class=\"null\">Ablauf der Veranstaltung<\/h2>\n<\/div><\/div><div class=\"w-separator size_small\"><\/div><div class=\"wpb_text_column\"><div class=\"wpb_wrapper\"><p>Der &bdquo;Marktplatz Gute Gesch&auml;fte&ldquo; bringt Unternehmen und gemeinn&uuml;tzige Organisationen aus dem Rheinisch-Bergischen Kreis zusammen und erm&ouml;glicht das Anbahnen von Kooperationen auf Augenh&ouml;he. Per &bdquo;Speeddating&ldquo; tauschen sich die Gespr&auml;chspartner <strong>eine Stunde lang<\/strong> aus und w&auml;gen eine m&ouml;gliche Partnerschaft ab. Bezahlt wird dabei nicht mit Geld, sondern mittels vier m&ouml;glicher Tauschw&auml;hrungen: <strong>Know-How<\/strong>, <strong>Arbeitskraft und-zeit, Netzwerke<\/strong> sowie <strong>Sach- und Arbeitsmittel<\/strong>. Die Teilnahme ist f&uuml;r alle Beteiligten kostenfrei. <strong>Mehr hierzu erfahren Sie<\/strong> <strong><a href=\"https:\/\/amaidi.org\/wp-content\/uploads\/2025\/09\/2026_Flyer_Marktplatz_gute_Geschaefte_RBK.pdf\" target=\"_blank\" rel=\"noopener noreferrer\">im Flyer<\/a><\/strong> <strong>oder unter die <\/strong><strong><a href=\"https:\/\/amaidi.org\/programm\/marktplatz-gute-geschaefte\/\" target=\"_blank\" rel=\"noopener noreferrer\">Marktplatz Gute Gesch&auml;fte Methode<\/a><\/strong><strong>.<\/strong><\/p>\n<\/div><\/div><div class=\"w-separator size_small\"><\/div><div class=\"g-cols wpb_row via_flex valign_top type_default stacking_default\"><div class=\"vc_col-sm-8 wpb_column vc_column_container\"><div class=\"vc_column-inner\"><div class=\"wpb_wrapper\"><div class=\"wpb_text_column\"><div class=\"wpb_wrapper\"><p>Am Veranstaltungstag treffen die teilnehmenden Unternehmen und Gemeinn&uuml;tzigen erstmals aufeinander. Ein Gongschlag signalisiert den Beginn der einst&uuml;ndigen Verhandlungsphase, w&auml;hrend der sich die Teilnehmenden per &bdquo;Speeddating-Verfahren&ldquo; austauschen. Beim Aushandeln der Engagement-Vereinbarung haben die Beteiligten freie Hand, lediglich eine Regel gilt: Geld ist tabu.<\/p>\n<p>Bezahlt wird stattdessen mit einer der vier &bdquo;Tauschw&auml;hrungen&ldquo; . &bdquo;Makler&ldquo; stehen unterst&uuml;tzend zur Verf&uuml;gung, um geeignete Gespr&auml;chspartner zueinander zu f&uuml;hren oder aussichtsreiche Vereinbarungen anzubahnen. Ein &bdquo;Notar&ldquo; besiegelt die Vereinbarung schriftlich.<\/p>\n<\/div><\/div><div class=\"w-separator size_medium\"><\/div><div class=\"w-message color_blue\"><div class=\"w-message-body\"><p>Zeitplan<br>\n17.30: Ankunft, Anmeldung<br>\n18.00: Begr&uuml;&szlig;ung, Preisverleihung und Einf&uuml;hrung<br>\n18.30: Verhandlungsbeginn per Gongschlag<br>\n19.30: Ausklang mit Snacks u. Getr&auml;nken<\/p>\n<\/div><\/div><\/div><\/div><\/div><div class=\"vc_col-sm-4 wpb_column vc_column_container\"><div class=\"vc_column-inner\"><div class=\"wpb_wrapper\"><div class=\"w-image has_ratio align_center\"><div class=\"w-image-h\"><div style=\"padding-bottom:133.3333%\"><\/div><img decoding=\"async\" width=\"500\" height=\"659\" src=\"https:\/\/amaidi.org\/wp-content\/uploads\/2020\/09\/AMAIDI_Marktplatz_Ablauf.jpg\" class=\"attachment-large size-large\" alt=\"\" loading=\"lazy\"\/><\/div><\/div><\/div><\/div><\/div><\/div><\/div><\/div><\/div><\/div><\/div><\/section><!-- Row Backgrounds --><div class=\"upb_color\" data-bg-override=\"0\" data-bg-color=\"#efefef\" data-fadeout=\"\" data-fadeout-percentage=\"30\" data-parallax-content=\"\" data-parallax-content-sense=\"30\" data-row-effect-mobile-disable=\"true\" data-img-parallax-mobile-disable=\"true\" data-rtl=\"false\" data-custom-vc-row=\"\" data-vc=\"8.7.2\" data-is_old_vc=\"\" data-theme-support=\"\" data-overlay=\"false\" data-overlay-color=\"\" data-overlay-pattern=\"\" data-overlay-pattern-opacity=\"\" data-overlay-pattern-size=\"\"><\/div><section class=\"l-section wpb_row height_small\" id=\"Umgesetzte Projekte\"><div class=\"l-section-h i-cf\"><div class=\"g-cols vc_row via_flex valign_top type_default stacking_default\"><div class=\"vc_col-sm-12 wpb_column vc_column_container\"><div class=\"vc_column-inner\"><div class=\"vc_column-overlay\" style=\"background:#ffffff\"><\/div><div class=\"wpb_wrapper\"><div class=\"w-separator size_small\"><\/div><div class=\"wpb_text_column\"><div class=\"wpb_wrapper\"><div class=\"mcnTextBlock\">\n<div class=\"mcnTextBlockInner\">\n<div>\n<div class=\"mcnTextContent\">\n<h2 class=\"null\">Umgesetzte Projekte<\/h2>\n<\/div>\n<\/div>\n<\/div>\n<\/div>\n<\/div><\/div><div class=\"w-separator size_small\"><\/div><div class=\"w-grid us_carousel type_carousel layout_22493 preload_style_spinner items_4 ratio_1x1\" id=\"us_grid_1\" style=\"--items:4;--gap:1rem;--item-ratio:1;\"><style>.layout_22493 .w-grid-item-h{border-radius:1rem;box-shadow:0 0.05rem 0.1rem rgba(0,0,0,0.1),0 0.17rem 0.5rem rgba(0,0,0,0.1);transition-duration:0.3s}.layout_22493 .usg_post_image_1{margin-bottom:1rem!important;position:static!important}.layout_22493 .usg_post_title_1{font-size:1.4rem!important;font-weight:700!important;margin-bottom:0.5rem!important;padding-left:1!important;position:static!important}.layout_22493 .usg_post_content_1{max-width:600px!important;padding-left:1!important;position:static!important;margin:0.5rem 0.5 0.5 0.5!important}<\/style><div class=\"w-grid-list owl-carousel valign_top dotstyle_circle navstyle_circle arrows-ver-pos_middle arrows-hor-pos_on_sides_outside arrows-disabled_hide owl-responsive-2000 with_dots\" style=\"--transition-duration:350ms;\">\t<article class=\"w-grid-item post-16383 post type-post status-publish format-standard has-post-thumbnail hentry category-marketplace-good-business category-realized-engagement-agreements tag-marketplace-2021 tag-marktplatz-gute-geschaefte-en tag-pro-bono-en tag-rheinbergengagiert\" data-id=\"16383\">\r\n\t\t<div class=\"w-grid-item-h\">\r\n\t\t\t\t\t\t<div class=\"w-post-elm post_image usg_post_image_1\"><a href=\"https:\/\/amaidi.org\/en\/2020\/01\/wanted-it-construction-site-as-a-practical-project\/\" aria-label=\"Wanted: &ldquo;IT construction site&rdquo; as a practical project\"><img loading=\"lazy\" decoding=\"async\" width=\"150\" height=\"150\" src=\"https:\/\/amaidi.org\/wp-content\/uploads\/2020\/01\/IT_Praxis_Projekt-150x150.jpg\" class=\"attachment-thumbnail size-thumbnail wp-post-image\" alt=\"\"\/><\/a><\/div><h3 class=\"w-post-elm post_title usg_post_title_1 entry-title color_link_inherit\"><a href=\"https:\/\/amaidi.org\/en\/2020\/01\/wanted-it-construction-site-as-a-practical-project\/\">Wanted: &ldquo;IT construction site&rdquo; as&hellip;<\/a><\/h3><div class=\"w-post-elm post_content usg_post_content_1\">Two prospective media computer scientists from the bib Bergisch Gladbach are looking for a practical project &ndash; preferably in a&hellip;<\/div>\t\t<\/div>\r\n\t\t\t<\/article>\r\n\t<article class=\"w-grid-item post-17095 post type-post status-publish format-standard has-post-thumbnail hentry category-marketplace-good-business category-realized-engagement-agreements tag-marktplatz_rbk-en tag-engagement-vereinbarung tag-marketplace-2021 tag-recap-en tag-rheinbergengagiert\" data-id=\"17095\">\r\n\t\t<div class=\"w-grid-item-h\">\r\n\t\t\t\t\t\t<div class=\"w-post-elm post_image usg_post_image_1\"><a href=\"https:\/\/amaidi.org\/en\/2019\/12\/the-marketplace-christmas-story-a-new-website-for-the-bergisches-wuenschemobil\/\" aria-label=\"The &ldquo;marketplace&rdquo; Christmas story: A new website for the Bergisches W&uuml;nschemobil\"><img loading=\"lazy\" decoding=\"async\" width=\"150\" height=\"150\" src=\"https:\/\/amaidi.org\/wp-content\/uploads\/2020\/03\/AMAIDI_Marktplatz_Wunschmobil-150x150.png\" class=\"attachment-thumbnail size-thumbnail wp-post-image\" alt=\"\"\/><\/a><\/div><h3 class=\"w-post-elm post_title usg_post_title_1 entry-title color_link_inherit\"><a href=\"https:\/\/amaidi.org\/en\/2019\/12\/the-marketplace-christmas-story-a-new-website-for-the-bergisches-wuenschemobil\/\">The &ldquo;marketplace&rdquo; Christmas story&hellip;<\/a><\/h3><div class=\"w-post-elm post_content usg_post_content_1\">The association Hits f&uuml;rs Hospiz e.V. asked us for advice: Due to technical reasons the website of the Bergisches W&uuml;nscheMobil&hellip;<\/div>\t\t<\/div>\r\n\t\t\t<\/article>\r\n<\/div><div class=\"w-grid-carousel-json hidden\" onclick='return {\"carousel_settings\":{\"aria_labels\":{\"prev\":\"Previous\",\"next\":\"Next\"},\"autoplayContinual\":true,\"autoplayContinualCss\":false,\"autoplayHoverPause\":false,\"autoplayTimeout\":20000,\"autoWidth\":false,\"smartSpeed\":350,\"margin\":0,\"mouseDrag\":false,\"rtl\":false,\"slideBy\":\"1\",\"touchDrag\":true,\"slideTransition\":\"\",\"responsive\":{\"0\":{\"autoHeight\":true,\"autoplay\":true,\"autoplayContinualCss\":false,\"autoWidth\":false,\"center\":false,\"dots\":false,\"items\":1,\"loop\":true,\"nav\":true,\"stagePadding\":0,\"slideBy\":\"1\",\"touchDrag\":true,\"mouseDrag\":false},\"601\":{\"items\":4,\"autoplay\":true,\"autoplayContinualCss\":false,\"center\":false,\"dots\":true,\"nav\":false,\"autoHeight\":false,\"autoWidth\":false,\"loop\":false,\"stagePadding\":0}}}}'><\/div><\/div><\/div><\/div><\/div><\/div><\/div><\/section><!-- Row Backgrounds --><div class=\"upb_color\" data-bg-override=\"0\" data-bg-color=\"#EFEFEF\" data-fadeout=\"\" data-fadeout-percentage=\"30\" data-parallax-content=\"\" data-parallax-content-sense=\"30\" data-row-effect-mobile-disable=\"true\" data-img-parallax-mobile-disable=\"true\" data-rtl=\"false\" data-custom-vc-row=\"\" data-vc=\"8.7.2\" data-is_old_vc=\"\" data-theme-support=\"\" data-overlay=\"false\" data-overlay-color=\"\" data-overlay-pattern=\"\" data-overlay-pattern-opacity=\"\" data-overlay-pattern-size=\"\"><\/div><section class=\"l-section wpb_row height_small\" id=\"R&uuml;ckblick\"><div class=\"l-section-h i-cf\"><div class=\"g-cols vc_row via_flex valign_top type_default stacking_default\"><div class=\"vc_col-sm-12 wpb_column vc_column_container\"><div class=\"vc_column-inner\"><div class=\"vc_column-overlay\" style=\"background:#ffffff\"><\/div><div class=\"wpb_wrapper\"><div class=\"w-separator size_small\"><\/div><div class=\"wpb_text_column\"><div class=\"wpb_wrapper\"><h2>Impressionen der vergangenen Marktpl&auml;tze<\/h2>\n<\/div><\/div><div class=\"w-separator size_small\"><\/div><div class=\"w-grid us_grid type_grid layout_17373 no_results cols_4 pagination_infinite preload_style_spinner\" id=\"us_grid_2\" style=\"--columns:4;--gap:1.5rem;\" data-filterable=\"true\"><style>@media (max-width:1280px){#us_grid_2{--columns:3!important}}@media (max-width:1024px){#us_grid_2{--columns:2!important}}@media (max-width:600px){#us_grid_2{--columns:1!important}}.layout_17373 .w-grid-item-h{}.layout_17373 .usg_post_title_1{transition-duration:0.3s;transform-origin:50% 50%;transform:scale(1) translate(0%,0%)}.layout_17373 .w-grid-item-h:focus-within .usg_post_title_1,.layout_17373 .w-grid-item-h:hover .usg_post_title_1{transform:scale(1) translate(0%,0%);opacity:1;color:#70c625!important}.layout_17373 .usg_post_title_1{margin-top:0.6rem!important;margin-bottom:0!important;font-family:var(--font-family)!important;font-size:1rem!important;color:#ef6304!important}<\/style><div class=\"w-grid-list\"><\/div>\t<div class=\"w-grid-preloader\">\r\n\t\t<div class=\"g-preloader type_1\">\r\n\t\t\t<div><\/div>\r\n\t\t<\/div>\r\n\t<\/div>\r\n\t\t<div class=\"w-grid-json hidden\" onclick='return {\"action\":\"us_ajax_grid\",\"infinite_scroll\":0,\"max_num_pages\":0,\"pagination\":\"infinite\",\"template_vars\":{\"columns\":\"4\",\"exclude_items\":\"none\",\"img_size\":\"default\",\"ignore_items_size\":0,\"items_layout\":\"17373\",\"items_offset\":\"1\",\"load_animation\":\"none\",\"overriding_link\":\"%7B%22url%22%3A%22%22%7D\",\"post_id\":0,\"query_args\":{\"post_type\":[\"post\"],\"tax_query\":[{\"taxonomy\":\"category\",\"field\":\"slug\",\"terms\":[\"marktplatz-gute-geschaefte\"]},{\"taxonomy\":\"post_tag\",\"field\":\"slug\",\"terms\":[\"rueckblick\"]}],\"post_status\":[\"publish\"],\"posts_per_page\":\"10\"},\"orderby_query_args\":{\"orderby\":{\"date\":\"DESC\"}},\"type\":\"grid\",\"us_grid_post_type\":\"post\",\"us_grid_ajax_index\":2,\"us_grid_filter_query_string\":null,\"us_grid_index\":2,\"page_args\":[],\"lang\":\"en\"}}'><\/div>\r\n\t<\/div><div class=\"w-grid-none type_message\">No results found.<\/div><div class=\"w-separator size_small\"><\/div><\/div><\/div><\/div><\/div><\/div><\/section><!-- Row Backgrounds --><div class=\"upb_color\" data-bg-override=\"0\" data-bg-color=\"#EFEFEF\" data-fadeout=\"\" data-fadeout-percentage=\"30\" data-parallax-content=\"\" data-parallax-content-sense=\"30\" data-row-effect-mobile-disable=\"true\" data-img-parallax-mobile-disable=\"true\" data-rtl=\"false\" data-custom-vc-row=\"\" data-vc=\"8.7.2\" data-is_old_vc=\"\" data-theme-support=\"\" data-overlay=\"false\" data-overlay-color=\"\" data-overlay-pattern=\"\" data-overlay-pattern-opacity=\"\" data-overlay-pattern-size=\"\"><\/div><section class=\"l-section wpb_row height_small color_alternate\" id=\"Partner und Sponsoren\"><div class=\"l-section-h i-cf\"><div class=\"g-cols vc_row via_flex valign_top type_default stacking_default\"><div class=\"vc_col-sm-12 wpb_column vc_column_container has_bg_color\"><div class=\"vc_column-inner us_custom_4fb9e5a3\"><div class=\"wpb_wrapper\"><div class=\"wpb_text_column\"><div class=\"wpb_wrapper\"><div class=\"mcnTextBlock\">\n<div class=\"mcnTextBlockInner\">\n<div>\n<div class=\"mcnTextContent\">\n<h2 class=\"null\">Partner und Sponsoren<\/h2>\n<\/div>\n<\/div>\n<\/div>\n<\/div>\n<div class=\"mcnTextBlock\">\n<div class=\"mcnTextBlockInner\">\n<div>\n<div class=\"mcnTextContent\">Unser besonderer Dank geht an unseren Hauptsponsor und unsere Unterst&uuml;tzer, ohne die dieser Marktplatz nicht m&ouml;glich w&auml;re.<\/div>\n<\/div>\n<\/div>\n<\/div>\n<\/div><\/div><div class=\"w-separator size_small\"><\/div><div class=\"g-cols wpb_row via_flex valign_top type_default stacking_default\"><div class=\"vc_col-sm-4 wpb_column vc_column_container\"><div class=\"vc_column-inner\"><div class=\"wpb_wrapper\"><div class=\"w-image align_left\"><a target=\" _blank\" rel=\"nofollow\" href=\"http:\/\/remboldstiftung.de\" aria-label=\"JRS_Logo_4c\" class=\"w-image-h\"><img decoding=\"async\" width=\"600\" height=\"180\" src=\"https:\/\/amaidi.org\/wp-content\/uploads\/2020\/01\/JRS_Logo_4c-600x180.jpg\" class=\"attachment-us_600_0 size-us_600_0\" alt=\"\" loading=\"lazy\" srcset=\"https:\/\/amaidi.org\/wp-content\/uploads\/2020\/01\/JRS_Logo_4c-600x180.jpg 600w, https:\/\/amaidi.org\/wp-content\/uploads\/2020\/01\/JRS_Logo_4c-300x90.jpg 300w, https:\/\/amaidi.org\/wp-content\/uploads\/2020\/01\/JRS_Logo_4c-768x230.jpg 768w, https:\/\/amaidi.org\/wp-content\/uploads\/2020\/01\/JRS_Logo_4c.jpg 984w\" sizes=\"auto, (max-width: 600px) 100vw, 600px\"\/><\/a><\/div><\/div><\/div><\/div><div class=\"vc_col-sm-4 wpb_column vc_column_container\"><div class=\"vc_column-inner\"><div class=\"wpb_wrapper\"><div class=\"w-image align_left\"><a target=\" _blank\" rel=\"nofollow\" href=\"https:\/\/www.rbk-direkt.de\/landrat.aspx\" aria-label=\"Logo_RBK\" class=\"w-image-h\"><img decoding=\"async\" width=\"600\" height=\"80\" src=\"https:\/\/amaidi.org\/wp-content\/uploads\/2020\/02\/Logo_RBK-600x80.png\" class=\"attachment-us_600_0 size-us_600_0\" alt=\"\" loading=\"lazy\" srcset=\"https:\/\/amaidi.org\/wp-content\/uploads\/2020\/02\/Logo_RBK-600x80.png 600w, https:\/\/amaidi.org\/wp-content\/uploads\/2020\/02\/Logo_RBK-300x40.png 300w, https:\/\/amaidi.org\/wp-content\/uploads\/2020\/02\/Logo_RBK-1024x137.png 1024w, https:\/\/amaidi.org\/wp-content\/uploads\/2020\/02\/Logo_RBK-1536x206.png 1536w, https:\/\/amaidi.org\/wp-content\/uploads\/2020\/02\/Logo_RBK-2048x274.png 2048w, https:\/\/amaidi.org\/wp-content\/uploads\/2020\/02\/Logo_RBK-768x103.png 768w\" sizes=\"auto, (max-width: 600px) 100vw, 600px\"\/><\/a><\/div><\/div><\/div><\/div><div class=\"vc_col-sm-4 wpb_column vc_column_container\"><div class=\"vc_column-inner\"><div class=\"wpb_wrapper\"><div class=\"w-image align_left\"><a target=\" _blank\" rel=\"nofollow\" href=\"http:\/\/www.ksk-koeln.de\" aria-label=\"logo-kreissparkasse\" class=\"w-image-h\"><img decoding=\"async\" width=\"600\" height=\"241\" src=\"https:\/\/amaidi.org\/wp-content\/uploads\/2020\/03\/logo-kreissparkasse-600x241.jpg\" class=\"attachment-us_600_0 size-us_600_0\" alt=\"\" loading=\"lazy\" srcset=\"https:\/\/amaidi.org\/wp-content\/uploads\/2020\/03\/logo-kreissparkasse-600x241.jpg 600w, https:\/\/amaidi.org\/wp-content\/uploads\/2020\/03\/logo-kreissparkasse-300x120.jpg 300w, https:\/\/amaidi.org\/wp-content\/uploads\/2020\/03\/logo-kreissparkasse-1024x411.jpg 1024w, https:\/\/amaidi.org\/wp-content\/uploads\/2020\/03\/logo-kreissparkasse-768x308.jpg 768w, https:\/\/amaidi.org\/wp-content\/uploads\/2020\/03\/logo-kreissparkasse.jpg 1183w\" sizes=\"auto, (max-width: 600px) 100vw, 600px\"\/><\/a><\/div><\/div><\/div><\/div><\/div><div class=\"g-cols wpb_row via_flex valign_top type_default stacking_default\"><div class=\"vc_col-sm-4 wpb_column vc_column_container\"><div class=\"vc_column-inner\"><div class=\"wpb_wrapper\"><div class=\"w-image align_left\"><div class=\"w-image-h\"><img decoding=\"async\" width=\"150\" height=\"150\" src=\"https:\/\/amaidi.org\/wp-content\/uploads\/2024\/01\/logo-stadt-overath-150x150.jpg\" class=\"attachment-thumbnail size-thumbnail\" alt=\"\" loading=\"lazy\"\/><\/div><\/div><\/div><\/div><\/div><div class=\"vc_col-sm-4 wpb_column vc_column_container\"><div class=\"vc_column-inner\"><div class=\"wpb_wrapper\"><div class=\"w-image align_left\"><a target=\"_blank\" rel=\"nofollow\" href=\"mailto:info@gute-geschaefte-rbk.de\" aria-label=\"Sponsor werden\" class=\"w-image-h\"><img decoding=\"async\" width=\"150\" height=\"150\" src=\"https:\/\/amaidi.org\/wp-content\/uploads\/2020\/02\/Sponsor-werden-150x150.png\" class=\"attachment-thumbnail size-thumbnail\" alt=\"\" loading=\"lazy\"\/><\/a><\/div><\/div><\/div><\/div><div class=\"vc_col-sm-4 wpb_column vc_column_container\"><div class=\"vc_column-inner\"><div class=\"wpb_wrapper\"><\/div><\/div><\/div><\/div><\/div><\/div><\/div><\/div><\/div><\/section><!-- Row Backgrounds --><div class=\"upb_color\" data-bg-override=\"0\" data-bg-color=\"#efefef\" data-fadeout=\"\" data-fadeout-percentage=\"30\" data-parallax-content=\"\" data-parallax-content-sense=\"30\" data-row-effect-mobile-disable=\"true\" data-img-parallax-mobile-disable=\"true\" data-rtl=\"false\" data-custom-vc-row=\"\" data-vc=\"8.7.2\" data-is_old_vc=\"\" data-theme-support=\"\" data-overlay=\"false\" data-overlay-color=\"\" data-overlay-pattern=\"\" data-overlay-pattern-opacity=\"\" data-overlay-pattern-size=\"\"><\/div><section class=\"l-section wpb_row height_small\" id=\"Die Veranstalter\"><div class=\"l-section-h i-cf\"><div class=\"g-cols vc_row via_flex valign_top type_default stacking_default\"><div class=\"vc_col-sm-12 wpb_column vc_column_container has_bg_color\"><div class=\"vc_column-inner us_custom_4fb9e5a3\"><div class=\"wpb_wrapper\"><div class=\"wpb_text_column\"><div class=\"wpb_wrapper\"><h2>Die Veranstalter<\/h2>\n<\/div><\/div><div class=\"w-separator size_small\"><\/div><div class=\"g-cols wpb_row via_flex valign_top type_default stacking_default\"><div class=\"vc_col-sm-3 wpb_column vc_column_container\"><div class=\"vc_column-inner\"><div class=\"wpb_wrapper\"><div class=\"w-image align_left\"><div class=\"w-image-h\"><img decoding=\"async\" width=\"300\" height=\"115\" src=\"https:\/\/amaidi.org\/wp-content\/uploads\/2016\/08\/Logo_amaidi_RGB_6141x2362px-300x115.jpg\" class=\"attachment-medium size-medium\" alt=\"\" loading=\"lazy\" srcset=\"https:\/\/amaidi.org\/wp-content\/uploads\/2016\/08\/Logo_amaidi_RGB_6141x2362px-300x115.jpg 300w, https:\/\/amaidi.org\/wp-content\/uploads\/2016\/08\/Logo_amaidi_RGB_6141x2362px-768x295.jpg 768w, https:\/\/amaidi.org\/wp-content\/uploads\/2016\/08\/Logo_amaidi_RGB_6141x2362px-1024x394.jpg 1024w, https:\/\/amaidi.org\/wp-content\/uploads\/2016\/08\/Logo_amaidi_RGB_6141x2362px-600x231.jpg 600w\" sizes=\"auto, (max-width: 300px) 100vw, 300px\"\/><\/div><\/div><\/div><\/div><\/div><div class=\"vc_col-sm-3 wpb_column vc_column_container\"><div class=\"vc_column-inner\"><div class=\"wpb_wrapper\"><div class=\"wpb_text_column\"><div class=\"wpb_wrapper\"><p><strong>AMAIDI International gGmbH<\/strong><br>\n<strong>Tanja Siebert<\/strong><\/p>\n<div>Lindlarer Str. 84<br>\n51491 Overath<br>\nT: 02204\/ 300 66 78<br>\nm: 0163\/ 893 19 04<br>\n<a href=\"https:\/\/mc.us3.list-manage.com\/pages\/track\/click?u=655f19474b0feee89350ed360&amp;id=dcc4758eaf\" target=\"_blank\" rel=\"noopener noreferrer\">www.amaidi.org<\/a><br>\n<a href=\"https:\/\/mail.google.com\/mail\/?view=cm&amp;fs=1&amp;tf=1&amp;to=tanja.siebert@amaidi.org&amp;su=Marktplatz%20der%20guten%20Gesch%C3%A4fte\" target=\"_blank\" rel=\"noopener noreferrer\">tanja.siebert@amaidi.org<\/a><\/div>\n<\/div><\/div><\/div><\/div><\/div><div class=\"vc_col-sm-3 wpb_column vc_column_container\"><div class=\"vc_column-inner\"><div class=\"wpb_wrapper\"><div class=\"w-image align_left\"><div class=\"w-image-h\"><img decoding=\"async\" width=\"300\" height=\"27\" src=\"https:\/\/amaidi.org\/wp-content\/uploads\/2023\/02\/Engagement-Wirkt-300x27.png\" class=\"attachment-medium size-medium\" alt=\"\" loading=\"lazy\" srcset=\"https:\/\/amaidi.org\/wp-content\/uploads\/2023\/02\/Engagement-Wirkt-300x27.png 300w, https:\/\/amaidi.org\/wp-content\/uploads\/2023\/02\/Engagement-Wirkt-600x54.png 600w, https:\/\/amaidi.org\/wp-content\/uploads\/2023\/02\/Engagement-Wirkt.png 760w\" sizes=\"auto, (max-width: 300px) 100vw, 300px\"\/><\/div><\/div><\/div><\/div><\/div><div class=\"vc_col-sm-3 wpb_column vc_column_container\"><div class=\"vc_column-inner\"><div class=\"wpb_wrapper\"><div class=\"wpb_text_column\"><div class=\"wpb_wrapper\"><p><strong>Unternehmensberatung Gollmer<\/strong><br>\n<strong>Christian Gollmer<\/strong><\/p>\n<div>Heiderjansfelder Str. 37<br>\n51515 K&uuml;rten<br>\nT: 02207\/ 961 07 66<br>\nm: 01573\/ 447 26 22<\/div>\n<div><a href=\"https:\/\/mc.us3.list-manage.com\/pages\/track\/click?u=655f19474b0feee89350ed360&amp;id=281ba5117d\">www.engagement-wirkt.de<\/a><br>\n<a href=\"https:\/\/mail.google.com\/mail\/?view=cm&amp;fs=1&amp;tf=1&amp;to=gollmer@engament-wirkt.de\" target=\"_blank\" rel=\"noopener noreferrer\">gollmer@engament-wirkt.de<\/a><\/div>\n<\/div><\/div><\/div><\/div><\/div><\/div><\/div><\/div><\/div><\/div><\/div><\/section><!-- Row Backgrounds --><div class=\"upb_color\" data-bg-override=\"0\" data-bg-color=\"#efefef\" data-fadeout=\"\" data-fadeout-percentage=\"30\" data-parallax-content=\"\" data-parallax-content-sense=\"30\" data-row-effect-mobile-disable=\"true\" data-img-parallax-mobile-disable=\"true\" data-rtl=\"false\" data-custom-vc-row=\"\" data-vc=\"8.7.2\" data-is_old_vc=\"\" data-theme-support=\"\" data-overlay=\"false\" data-overlay-color=\"\" data-overlay-pattern=\"\" data-overlay-pattern-opacity=\"\" data-overlay-pattern-size=\"\"><\/div><section class=\"l-section wpb_row height_small color_alternate\" id=\"Folgen Sie uns\"><div class=\"l-section-h i-cf\"><div class=\"g-cols vc_row via_flex valign_top type_default stacking_default\"><div class=\"vc_col-sm-12 wpb_column vc_column_container has_bg_color\"><div class=\"vc_column-inner us_custom_4fb9e5a3\"><div class=\"wpb_wrapper\"><div class=\"wpb_text_column\"><div class=\"wpb_wrapper\"><h2>Folgend Sie uns!<\/h2>\n<\/div><\/div><div class=\"w-separator size_small\"><\/div><div class=\"g-cols wpb_row via_flex valign_top type_default stacking_default\"><div class=\"vc_col-sm-3 wpb_column vc_column_container\"><div class=\"vc_column-inner\"><div class=\"wpb_wrapper\"><div class=\"wpb_text_column\"><div class=\"wpb_wrapper\"><p>Sie finden b&uuml;rgerschaftliches Engagement genauso gut wie wir? Dann teilen Sie diese Seite und unsere Social Media Aktivit&auml;ten mit Ihrem Netzwerk, Freunden und Verwanden. <span style=\"color: #ef6304;\"><strong>#RheinbergEngagiert<\/strong><\/span><\/p>\n<\/div><\/div><\/div><\/div><\/div><div class=\"vc_col-sm-3 wpb_column vc_column_container\"><div class=\"vc_column-inner\"><div class=\"wpb_wrapper\"><div class=\"w-socials color_brand shape_rounded style_colored hover_fade\" style=\"--gap:0.8em;\"><div class=\"w-socials-list\"><div class=\"w-socials-item facebook\"><a href=\"https:\/\/www.facebook.com\/MarktplatzGuteGeschaefteRBK\/\" class=\"w-socials-item-link\" aria-label=\"Facebook\"><span class=\"w-socials-item-link-hover\"><\/span><i class=\"fab fa-facebook\"><\/i><\/a><div class=\"w-socials-item-popup\"><span>Facebook<\/span><\/div><\/div><div class=\"w-socials-item instagram\"><a href=\"https:\/\/www.instagram.com\/marktplatz_rbk\/\" class=\"w-socials-item-link\" aria-label=\"Instagram\"><span class=\"w-socials-item-link-hover\"><\/span><i class=\"fab fa-instagram\"><\/i><\/a><div class=\"w-socials-item-popup\"><span>Instagram<\/span><\/div><\/div><\/div><\/div><div class=\"wpb_text_column us_custom_a574d586 has_text_color\"><div class=\"wpb_wrapper\"><p><strong>@Marktplatz_RBK<\/strong><\/p>\n<\/div><\/div><\/div><\/div><\/div><div class=\"vc_col-sm-3 wpb_column vc_column_container\"><div class=\"vc_column-inner\"><div class=\"wpb_wrapper\"><div class=\"wpb_text_column\"><div class=\"wpb_wrapper\"><p>You would like to stay informed about the &ldquo;Marketplace Good Business&rdquo;? Then subscribe to our newsletter. A cancellation is possible at any time.<\/p>\n<\/div><\/div><\/div><\/div><\/div><div class=\"vc_col-sm-3 wpb_column vc_column_container\"><div class=\"vc_column-inner\"><div class=\"wpb_wrapper\"><div class=\"w-image align_center\"><a target=\" _blank\" rel=\"nofollow\" href=\"https:\/\/amaidi.us3.list-manage.com\/subscribe?utm_source=mailchimp&amp;utm_campaign=03003ac6e1f0&amp;utm_medium=page&amp;u=655f19474b0feee89350ed360&amp;id=76f8b0a648\" aria-label=\"Newsletter_abonnieren-ohne-hintergrund-300x118\" class=\"w-image-h\"><img decoding=\"async\" width=\"300\" height=\"118\" src=\"https:\/\/amaidi.org\/wp-content\/uploads\/2020\/03\/Newsletter_abonnieren-ohne-hintergrund-300x118-1.png\" class=\"attachment-medium size-medium\" alt=\"\" loading=\"lazy\"\/><\/a><\/div><\/div><\/div><\/div><\/div><\/div><\/div><\/div><\/div><\/div><\/section><!-- Row Backgrounds --><div class=\"upb_color\" data-bg-override=\"0\" data-bg-color=\"#efefef\" data-fadeout=\"\" data-fadeout-percentage=\"30\" data-parallax-content=\"\" data-parallax-content-sense=\"30\" data-row-effect-mobile-disable=\"true\" data-img-parallax-mobile-disable=\"true\" data-rtl=\"false\" data-custom-vc-row=\"\" data-vc=\"8.7.2\" data-is_old_vc=\"\" data-theme-support=\"\" data-overlay=\"false\" data-overlay-color=\"\" data-overlay-pattern=\"\" data-overlay-pattern-opacity=\"\" data-overlay-pattern-size=\"\"><\/div>\n","protected":false},"excerpt":{"rendered":"<p>On May 15, 2023, we will finally bring non-profit organizations and companies together again at the &quot;Good Business Marketplace in the Rheinisch-Bergischer Kreis&quot;.<\/p>\n","protected":false},"author":2,"featured_media":20273,"comment_status":"closed","ping_status":"closed","sticky":false,"template":"","format":"standard","meta":{"footnotes":""},"categories":[81,71,462,456,91,53],"tags":[601,682,680,463,457,618,615,600,575,594],"class_list":["post-22527","post","type-post","status-publish","format-standard","has-post-thumbnail","hentry","category-aktuelles","category-events","category-marketplace-good-business","category-marktplatz-gute-geschaefte","category-news","category-veranstaltungen","tag-marktplatz_rbk","tag-kreissparkasse-koeln-en","tag-kreissparkasse-koeln","tag-marketplace-good-business","tag-marktplatz-gute-geschaefte","tag-rembold-foundation","tag-rembold-stiftung","tag-rheinbergengagiert","tag-save-the-date","tag-save-the-date-en"],"yoast_head":"<!-- This site is optimized with the Yoast SEO plugin v27.5 - https:\/\/yoast.com\/product\/yoast-seo-wordpress\/ -->\n<title>Marketplace Good Business 2026 - AMAIDI<\/title>\n<meta name=\"description\" content=\"The &quot;Marketplace Good Business&quot; brings together companies and non-profit organizations and enables the initiation of cooperation at eye level.\" \/>\n<meta name=\"robots\" content=\"index, follow, max-snippet:-1, max-image-preview:large, max-video-preview:-1\" \/>\n<link rel=\"canonical\" href=\"https:\/\/amaidi.org\/en\/2026\/01\/marketplace-good-business-2026-2\/\" \/>\n<meta property=\"og:locale\" content=\"en_US\" \/>\n<meta property=\"og:type\" content=\"article\" \/>\n<meta property=\"og:title\" content=\"Marketplace Good Business 2026 - AMAIDI\" \/>\n<meta property=\"og:description\" content=\"The &quot;Marketplace Good Business&quot; brings together companies and non-profit organizations and enables the initiation of cooperation at eye level.\" \/>\n<meta property=\"og:url\" content=\"https:\/\/amaidi.org\/en\/2026\/01\/marketplace-good-business-2026-2\/\" \/>\n<meta property=\"og:site_name\" content=\"AMAIDI\" \/>\n<meta property=\"article:publisher\" content=\"https:\/\/www.facebook.com\/amaidi.international\" \/>\n<meta property=\"article:published_time\" content=\"2026-01-12T07:53:37+00:00\" \/>\n<meta property=\"article:modified_time\" content=\"2026-01-12T09:55:49+00:00\" \/>\n<meta property=\"og:image\" content=\"https:\/\/amaidi.org\/wp-content\/uploads\/2023\/02\/Marktplatz-2023_logo.png\" \/>\n\t<meta property=\"og:image:width\" content=\"1050\" \/>\n\t<meta property=\"og:image:height\" content=\"600\" \/>\n\t<meta property=\"og:image:type\" content=\"image\/png\" \/>\n<meta name=\"author\" content=\"Tanja Siebert\" \/>\n<meta name=\"twitter:card\" content=\"summary_large_image\" \/>\n<meta name=\"twitter:creator\" content=\"@AMAIDI\" \/>\n<meta name=\"twitter:site\" content=\"@AMAIDI\" \/>\n<meta name=\"twitter:label1\" content=\"Written by\" \/>\n\t<meta name=\"twitter:data1\" content=\"Tanja Siebert\" \/>\n\t<meta name=\"twitter:label2\" content=\"Est. reading time\" \/>\n\t<meta name=\"twitter:data2\" content=\"7 minutes\" \/>\n<script type=\"application\/ld+json\" class=\"yoast-schema-graph\">{\"@context\":\"https:\\\/\\\/schema.org\",\"@graph\":[{\"@type\":\"Article\",\"@id\":\"https:\\\/\\\/amaidi.org\\\/en\\\/2026\\\/01\\\/marketplace-good-business-2026-2\\\/#article\",\"isPartOf\":{\"@id\":\"https:\\\/\\\/amaidi.org\\\/en\\\/2026\\\/01\\\/marketplace-good-business-2026-2\\\/\"},\"author\":{\"name\":\"Tanja Siebert\",\"@id\":\"https:\\\/\\\/amaidi.org\\\/en\\\/#\\\/schema\\\/person\\\/978f89771a25f5b2c980fc74ed3610ed\"},\"headline\":\"Marketplace Good Business 2026\",\"datePublished\":\"2026-01-12T07:53:37+00:00\",\"dateModified\":\"2026-01-12T09:55:49+00:00\",\"mainEntityOfPage\":{\"@id\":\"https:\\\/\\\/amaidi.org\\\/en\\\/2026\\\/01\\\/marketplace-good-business-2026-2\\\/\"},\"wordCount\":1499,\"publisher\":{\"@id\":\"https:\\\/\\\/amaidi.org\\\/en\\\/#organization\"},\"image\":{\"@id\":\"https:\\\/\\\/amaidi.org\\\/en\\\/2026\\\/01\\\/marketplace-good-business-2026-2\\\/#primaryimage\"},\"thumbnailUrl\":\"https:\\\/\\\/amaidi.org\\\/wp-content\\\/uploads\\\/2023\\\/02\\\/Marktplatz-2023_logo.png\",\"keywords\":[\"@Marktplatz_RBK\",\"Kreissparkasse K\u00f6ln\",\"Kreissparkasse K\u00f6ln\",\"Marketplace Good Business\",\"Marktplatz Gute Gesch\u00e4fte\",\"Rembold Foundation\",\"Rembold Stiftung\",\"RheinBergEngagiert\",\"Save-The-Date\",\"Save-The-Date\"],\"articleSection\":[\"Aktuelles\",\"Events\",\"Marketplace Good Business\",\"Marktplatz Gute Gesch\u00e4fte\",\"News\",\"Veranstaltungen\"],\"inLanguage\":\"en-US\"},{\"@type\":\"WebPage\",\"@id\":\"https:\\\/\\\/amaidi.org\\\/en\\\/2026\\\/01\\\/marketplace-good-business-2026-2\\\/\",\"url\":\"https:\\\/\\\/amaidi.org\\\/en\\\/2026\\\/01\\\/marketplace-good-business-2026-2\\\/\",\"name\":\"Marketplace Good Business 2026 - AMAIDI\",\"isPartOf\":{\"@id\":\"https:\\\/\\\/amaidi.org\\\/en\\\/#website\"},\"primaryImageOfPage\":{\"@id\":\"https:\\\/\\\/amaidi.org\\\/en\\\/2026\\\/01\\\/marketplace-good-business-2026-2\\\/#primaryimage\"},\"image\":{\"@id\":\"https:\\\/\\\/amaidi.org\\\/en\\\/2026\\\/01\\\/marketplace-good-business-2026-2\\\/#primaryimage\"},\"thumbnailUrl\":\"https:\\\/\\\/amaidi.org\\\/wp-content\\\/uploads\\\/2023\\\/02\\\/Marktplatz-2023_logo.png\",\"datePublished\":\"2026-01-12T07:53:37+00:00\",\"dateModified\":\"2026-01-12T09:55:49+00:00\",\"description\":\"The \\\"Marketplace Good Business\\\" brings together companies and non-profit organizations and enables the initiation of cooperation at eye level.\",\"breadcrumb\":{\"@id\":\"https:\\\/\\\/amaidi.org\\\/en\\\/2026\\\/01\\\/marketplace-good-business-2026-2\\\/#breadcrumb\"},\"inLanguage\":\"en-US\",\"potentialAction\":[{\"@type\":\"ReadAction\",\"target\":[\"https:\\\/\\\/amaidi.org\\\/en\\\/2026\\\/01\\\/marketplace-good-business-2026-2\\\/\"]}]},{\"@type\":\"ImageObject\",\"inLanguage\":\"en-US\",\"@id\":\"https:\\\/\\\/amaidi.org\\\/en\\\/2026\\\/01\\\/marketplace-good-business-2026-2\\\/#primaryimage\",\"url\":\"https:\\\/\\\/amaidi.org\\\/wp-content\\\/uploads\\\/2023\\\/02\\\/Marktplatz-2023_logo.png\",\"contentUrl\":\"https:\\\/\\\/amaidi.org\\\/wp-content\\\/uploads\\\/2023\\\/02\\\/Marktplatz-2023_logo.png\",\"width\":1050,\"height\":600},{\"@type\":\"BreadcrumbList\",\"@id\":\"https:\\\/\\\/amaidi.org\\\/en\\\/2026\\\/01\\\/marketplace-good-business-2026-2\\\/#breadcrumb\",\"itemListElement\":[{\"@type\":\"ListItem\",\"position\":1,\"name\":\"Startseite\",\"item\":\"https:\\\/\\\/amaidi.org\\\/en\\\/\"},{\"@type\":\"ListItem\",\"position\":2,\"name\":\"Marketplace Good Business 2026\"}]},{\"@type\":\"WebSite\",\"@id\":\"https:\\\/\\\/amaidi.org\\\/en\\\/#website\",\"url\":\"https:\\\/\\\/amaidi.org\\\/en\\\/\",\"name\":\"AMAIDI\",\"description\":\"Weltweiter Partner f\u00fcr soziales Engagement\",\"publisher\":{\"@id\":\"https:\\\/\\\/amaidi.org\\\/en\\\/#organization\"},\"potentialAction\":[{\"@type\":\"SearchAction\",\"target\":{\"@type\":\"EntryPoint\",\"urlTemplate\":\"https:\\\/\\\/amaidi.org\\\/en\\\/?s={search_term_string}\"},\"query-input\":{\"@type\":\"PropertyValueSpecification\",\"valueRequired\":true,\"valueName\":\"search_term_string\"}}],\"inLanguage\":\"en-US\"},{\"@type\":\"Organization\",\"@id\":\"https:\\\/\\\/amaidi.org\\\/en\\\/#organization\",\"name\":\"AMAIDI International gGmbH\",\"url\":\"https:\\\/\\\/amaidi.org\\\/en\\\/\",\"logo\":{\"@type\":\"ImageObject\",\"inLanguage\":\"en-US\",\"@id\":\"https:\\\/\\\/amaidi.org\\\/en\\\/#\\\/schema\\\/logo\\\/image\\\/\",\"url\":\"https:\\\/\\\/amaidi.org\\\/wp-content\\\/uploads\\\/2017\\\/09\\\/AMAIDI_120x120px.png\",\"contentUrl\":\"https:\\\/\\\/amaidi.org\\\/wp-content\\\/uploads\\\/2017\\\/09\\\/AMAIDI_120x120px.png\",\"width\":120,\"height\":120,\"caption\":\"AMAIDI International gGmbH\"},\"image\":{\"@id\":\"https:\\\/\\\/amaidi.org\\\/en\\\/#\\\/schema\\\/logo\\\/image\\\/\"},\"sameAs\":[\"https:\\\/\\\/www.facebook.com\\\/amaidi.international\",\"https:\\\/\\\/x.com\\\/AMAIDI\",\"https:\\\/\\\/www.instagram.com\\\/amaidi\",\"https:\\\/\\\/www.linkedin.com\\\/company\\\/amaidi\"]},{\"@type\":\"Person\",\"@id\":\"https:\\\/\\\/amaidi.org\\\/en\\\/#\\\/schema\\\/person\\\/978f89771a25f5b2c980fc74ed3610ed\",\"name\":\"Tanja Siebert\"}]}<\/script>\n<!-- \/ Yoast SEO plugin. -->","yoast_head_json":{"title":"Marketplace Good Business 2026 - AMAIDI","description":"The \"Marketplace Good Business\" brings together companies and non-profit organizations and enables the initiation of cooperation at eye level.","robots":{"index":"index","follow":"follow","max-snippet":"max-snippet:-1","max-image-preview":"max-image-preview:large","max-video-preview":"max-video-preview:-1"},"canonical":"https:\/\/amaidi.org\/en\/2026\/01\/marketplace-good-business-2026-2\/","og_locale":"en_US","og_type":"article","og_title":"Marketplace Good Business 2026 - AMAIDI","og_description":"The \"Marketplace Good Business\" brings together companies and non-profit organizations and enables the initiation of cooperation at eye level.","og_url":"https:\/\/amaidi.org\/en\/2026\/01\/marketplace-good-business-2026-2\/","og_site_name":"AMAIDI","article_publisher":"https:\/\/www.facebook.com\/amaidi.international","article_published_time":"2026-01-12T07:53:37+00:00","article_modified_time":"2026-01-12T09:55:49+00:00","og_image":[{"width":1050,"height":600,"url":"https:\/\/amaidi.org\/wp-content\/uploads\/2023\/02\/Marktplatz-2023_logo.png","type":"image\/png"}],"author":"Tanja Siebert","twitter_card":"summary_large_image","twitter_creator":"@AMAIDI","twitter_site":"@AMAIDI","twitter_misc":{"Written by":"Tanja Siebert","Est. reading time":"7 minutes"},"schema":{"@context":"https:\/\/schema.org","@graph":[{"@type":"Article","@id":"https:\/\/amaidi.org\/en\/2026\/01\/marketplace-good-business-2026-2\/#article","isPartOf":{"@id":"https:\/\/amaidi.org\/en\/2026\/01\/marketplace-good-business-2026-2\/"},"author":{"name":"Tanja Siebert","@id":"https:\/\/amaidi.org\/en\/#\/schema\/person\/978f89771a25f5b2c980fc74ed3610ed"},"headline":"Marketplace Good Business 2026","datePublished":"2026-01-12T07:53:37+00:00","dateModified":"2026-01-12T09:55:49+00:00","mainEntityOfPage":{"@id":"https:\/\/amaidi.org\/en\/2026\/01\/marketplace-good-business-2026-2\/"},"wordCount":1499,"publisher":{"@id":"https:\/\/amaidi.org\/en\/#organization"},"image":{"@id":"https:\/\/amaidi.org\/en\/2026\/01\/marketplace-good-business-2026-2\/#primaryimage"},"thumbnailUrl":"https:\/\/amaidi.org\/wp-content\/uploads\/2023\/02\/Marktplatz-2023_logo.png","keywords":["@Marktplatz_RBK","Kreissparkasse K\u00f6ln","Kreissparkasse K\u00f6ln","Marketplace Good Business","Marktplatz Gute Gesch\u00e4fte","Rembold Foundation","Rembold Stiftung","RheinBergEngagiert","Save-The-Date","Save-The-Date"],"articleSection":["Aktuelles","Events","Marketplace Good Business","Marktplatz Gute Gesch\u00e4fte","News","Veranstaltungen"],"inLanguage":"en-US"},{"@type":"WebPage","@id":"https:\/\/amaidi.org\/en\/2026\/01\/marketplace-good-business-2026-2\/","url":"https:\/\/amaidi.org\/en\/2026\/01\/marketplace-good-business-2026-2\/","name":"Marketplace Good Business 2026 - AMAIDI","isPartOf":{"@id":"https:\/\/amaidi.org\/en\/#website"},"primaryImageOfPage":{"@id":"https:\/\/amaidi.org\/en\/2026\/01\/marketplace-good-business-2026-2\/#primaryimage"},"image":{"@id":"https:\/\/amaidi.org\/en\/2026\/01\/marketplace-good-business-2026-2\/#primaryimage"},"thumbnailUrl":"https:\/\/amaidi.org\/wp-content\/uploads\/2023\/02\/Marktplatz-2023_logo.png","datePublished":"2026-01-12T07:53:37+00:00","dateModified":"2026-01-12T09:55:49+00:00","description":"The \"Marketplace Good Business\" brings together companies and non-profit organizations and enables the initiation of cooperation at eye level.","breadcrumb":{"@id":"https:\/\/amaidi.org\/en\/2026\/01\/marketplace-good-business-2026-2\/#breadcrumb"},"inLanguage":"en-US","potentialAction":[{"@type":"ReadAction","target":["https:\/\/amaidi.org\/en\/2026\/01\/marketplace-good-business-2026-2\/"]}]},{"@type":"ImageObject","inLanguage":"en-US","@id":"https:\/\/amaidi.org\/en\/2026\/01\/marketplace-good-business-2026-2\/#primaryimage","url":"https:\/\/amaidi.org\/wp-content\/uploads\/2023\/02\/Marktplatz-2023_logo.png","contentUrl":"https:\/\/amaidi.org\/wp-content\/uploads\/2023\/02\/Marktplatz-2023_logo.png","width":1050,"height":600},{"@type":"BreadcrumbList","@id":"https:\/\/amaidi.org\/en\/2026\/01\/marketplace-good-business-2026-2\/#breadcrumb","itemListElement":[{"@type":"ListItem","position":1,"name":"Startseite","item":"https:\/\/amaidi.org\/en\/"},{"@type":"ListItem","position":2,"name":"Marketplace Good Business 2026"}]},{"@type":"WebSite","@id":"https:\/\/amaidi.org\/en\/#website","url":"https:\/\/amaidi.org\/en\/","name":"AMAIDI","description":"Weltweiter Partner f\u00fcr soziales Engagement","publisher":{"@id":"https:\/\/amaidi.org\/en\/#organization"},"potentialAction":[{"@type":"SearchAction","target":{"@type":"EntryPoint","urlTemplate":"https:\/\/amaidi.org\/en\/?s={search_term_string}"},"query-input":{"@type":"PropertyValueSpecification","valueRequired":true,"valueName":"search_term_string"}}],"inLanguage":"en-US"},{"@type":"Organization","@id":"https:\/\/amaidi.org\/en\/#organization","name":"AMAIDI International gGmbH","url":"https:\/\/amaidi.org\/en\/","logo":{"@type":"ImageObject","inLanguage":"en-US","@id":"https:\/\/amaidi.org\/en\/#\/schema\/logo\/image\/","url":"https:\/\/amaidi.org\/wp-content\/uploads\/2017\/09\/AMAIDI_120x120px.png","contentUrl":"https:\/\/amaidi.org\/wp-content\/uploads\/2017\/09\/AMAIDI_120x120px.png","width":120,"height":120,"caption":"AMAIDI International gGmbH"},"image":{"@id":"https:\/\/amaidi.org\/en\/#\/schema\/logo\/image\/"},"sameAs":["https:\/\/www.facebook.com\/amaidi.international","https:\/\/x.com\/AMAIDI","https:\/\/www.instagram.com\/amaidi","https:\/\/www.linkedin.com\/company\/amaidi"]},{"@type":"Person","@id":"https:\/\/amaidi.org\/en\/#\/schema\/person\/978f89771a25f5b2c980fc74ed3610ed","name":"Tanja Siebert"}]}},"_links":{"self":[{"href":"https:\/\/amaidi.org\/en\/wp-json\/wp\/v2\/posts\/22527","targetHints":{"allow":["GET"]}}],"collection":[{"href":"https:\/\/amaidi.org\/en\/wp-json\/wp\/v2\/posts"}],"about":[{"href":"https:\/\/amaidi.org\/en\/wp-json\/wp\/v2\/types\/post"}],"author":[{"embeddable":true,"href":"https:\/\/amaidi.org\/en\/wp-json\/wp\/v2\/users\/2"}],"replies":[{"embeddable":true,"href":"https:\/\/amaidi.org\/en\/wp-json\/wp\/v2\/comments?post=22527"}],"version-history":[{"count":2,"href":"https:\/\/amaidi.org\/en\/wp-json\/wp\/v2\/posts\/22527\/revisions"}],"predecessor-version":[{"id":22529,"href":"https:\/\/amaidi.org\/en\/wp-json\/wp\/v2\/posts\/22527\/revisions\/22529"}],"wp:featuredmedia":[{"embeddable":true,"href":"https:\/\/amaidi.org\/en\/wp-json\/wp\/v2\/media\/20273"}],"wp:attachment":[{"href":"https:\/\/amaidi.org\/en\/wp-json\/wp\/v2\/media?parent=22527"}],"wp:term":[{"taxonomy":"category","embeddable":true,"href":"https:\/\/amaidi.org\/en\/wp-json\/wp\/v2\/categories?post=22527"},{"taxonomy":"post_tag","embeddable":true,"href":"https:\/\/amaidi.org\/en\/wp-json\/wp\/v2\/tags?post=22527"}],"curies":[{"name":"wp","href":"https:\/\/api.w.org\/{rel}","templated":true}]}}